{"id":13650,"date":"2025-01-18T18:29:59","date_gmt":"2025-01-18T17:29:59","guid":{"rendered":"https:\/\/yuno.createchplescop.fr\/blog\/?p=13650"},"modified":"2025-01-18T18:30:03","modified_gmt":"2025-01-18T17:30:03","slug":"proteger-son-smartphone-du-froid","status":"publish","type":"post","link":"https:\/\/yuno.createchplescop.fr\/blog\/proteger-son-smartphone-du-froid\/","title":{"rendered":"Prot\u00e9ger son smartphone du froid"},"content":{"rendered":"<style>.wp-block-kadence-advancedheading.kt-adv-heading13650_6538dd-d7, .wp-block-kadence-advancedheading.kt-adv-heading13650_6538dd-d7[data-kb-block=\"kb-adv-heading13650_6538dd-d7\"]{padding-top:var(--global-kb-spacing-sm, 1.5rem);padding-right:var(--global-kb-spacing-sm, 1.5rem);padding-bottom:var(--global-kb-spacing-xs, 1rem);padding-left:var(--global-kb-spacing-sm, 1.5rem);margin-right:var(--global-kb-spacing-3xl, 6.5rem);margin-bottom:0px;margin-left:var(--global-kb-spacing-3xl, 6.5rem);text-align:center;font-size:var(--global-kb-font-size-md, 1.25rem);font-style:normal;background-color:var(--global-palette7, #EDF2F7);text-shadow:2px 3px 1px rgba(0, 0, 0, 0.2);}.wp-block-kadence-advancedheading.kt-adv-heading13650_6538dd-d7 mark.kt-highlight, .wp-block-kadence-advancedheading.kt-adv-heading13650_6538dd-d7[data-kb-block=\"kb-adv-heading13650_6538dd-d7\"] mark.kt-highlight{font-style:normal;color:#f76a0c;-webkit-box-decoration-break:clone;box-decoration-break:clone;padding-top:0px;padding-right:0px;padding-bottom:0px;padding-left:0px;}.wp-block-kadence-advancedheading.kt-adv-heading13650_6538dd-d7 img.kb-inline-image, .wp-block-kadence-advancedheading.kt-adv-heading13650_6538dd-d7[data-kb-block=\"kb-adv-heading13650_6538dd-d7\"] img.kb-inline-image{width:150px;vertical-align:baseline;}@media all and (max-width: 1024px){.wp-block-kadence-advancedheading.kt-adv-heading13650_6538dd-d7, .wp-block-kadence-advancedheading.kt-adv-heading13650_6538dd-d7[data-kb-block=\"kb-adv-heading13650_6538dd-d7\"]{text-shadow:2px 3px 1px rgba(0, 0, 0, 0.2);}}@media all and (max-width: 767px){.wp-block-kadence-advancedheading.kt-adv-heading13650_6538dd-d7, .wp-block-kadence-advancedheading.kt-adv-heading13650_6538dd-d7[data-kb-block=\"kb-adv-heading13650_6538dd-d7\"]{margin-right:var(--global-kb-spacing-auto, auto);margin-left:var(--global-kb-spacing-auto, auto);text-shadow:2px 3px 1px rgba(0, 0, 0, 0.2);}}<\/style>\n<p class=\"kt-adv-heading13650_6538dd-d7 wp-block-kadence-advancedheading has-theme-palette-1-color has-text-color\" data-kb-block=\"kb-adv-heading13650_6538dd-d7\"><strong>Prot\u00e9ger son smartphone du froid ?<br>C&rsquo;est tr\u00e8s souhaitable \u00e0 court terme pour faire durer la charge de sa batterie, et aussi \u00e0 plus long terme, pour en prolonger la dur\u00e9e de vie !. <\/strong><\/p>\n\n\n<style>.wp-block-kadence-advancedheading.kt-adv-heading13650_aafe53-51, .wp-block-kadence-advancedheading.kt-adv-heading13650_aafe53-51[data-kb-block=\"kb-adv-heading13650_aafe53-51\"]{padding-top:var(--global-kb-spacing-md, 2rem);font-size:17px;font-style:normal;}.wp-block-kadence-advancedheading.kt-adv-heading13650_aafe53-51 mark.kt-highlight, .wp-block-kadence-advancedheading.kt-adv-heading13650_aafe53-51[data-kb-block=\"kb-adv-heading13650_aafe53-51\"] mark.kt-highlight{font-style:normal;color:#f76a0c;-webkit-box-decoration-break:clone;box-decoration-break:clone;padding-top:0px;padding-right:0px;padding-bottom:0px;padding-left:0px;}.wp-block-kadence-advancedheading.kt-adv-heading13650_aafe53-51 img.kb-inline-image, .wp-block-kadence-advancedheading.kt-adv-heading13650_aafe53-51[data-kb-block=\"kb-adv-heading13650_aafe53-51\"] img.kb-inline-image{width:150px;vertical-align:baseline;}<\/style>\n<p class=\"kt-adv-heading13650_aafe53-51 wp-block-kadence-advancedheading\" data-kb-block=\"kb-adv-heading13650_aafe53-51\">La batterie d&rsquo;un smartphone est tr\u00e8s sensible au froid, et se d\u00e9charge plus rapidement en p\u00e9riode hivernale. Et il n&rsquo;est pas  toujours simple de trouver un moyen de la recharger&#8230;<\/p>\n\n\n<style>.wp-block-kadence-advancedheading.kt-adv-heading13650_fa7f39-2e, .wp-block-kadence-advancedheading.kt-adv-heading13650_fa7f39-2e[data-kb-block=\"kb-adv-heading13650_fa7f39-2e\"]{font-size:17px;font-style:normal;}.wp-block-kadence-advancedheading.kt-adv-heading13650_fa7f39-2e mark.kt-highlight, .wp-block-kadence-advancedheading.kt-adv-heading13650_fa7f39-2e[data-kb-block=\"kb-adv-heading13650_fa7f39-2e\"] mark.kt-highlight{font-style:normal;color:#f76a0c;-webkit-box-decoration-break:clone;box-decoration-break:clone;padding-top:0px;padding-right:0px;padding-bottom:0px;padding-left:0px;}.wp-block-kadence-advancedheading.kt-adv-heading13650_fa7f39-2e img.kb-inline-image, .wp-block-kadence-advancedheading.kt-adv-heading13650_fa7f39-2e[data-kb-block=\"kb-adv-heading13650_fa7f39-2e\"] img.kb-inline-image{width:150px;vertical-align:baseline;}<\/style>\n<p class=\"kt-adv-heading13650_fa7f39-2e wp-block-kadence-advancedheading\" data-kb-block=\"kb-adv-heading13650_fa7f39-2e\">La principale raison est que les smartphones sont \u00e9quip\u00e9s de batteries au lithium. D&rsquo;une mani\u00e8re g\u00e9n\u00e9rale, ces petits bijoux de technologie  supportent mal les temp\u00e9ratures basses. En effet le fonctionnement de ces batteries est optimal dans une plage de temp\u00e9rature comprise entre 0\u00b0 et 35\u00b0C. <\/p>\n\n\n<style>.wp-block-kadence-advancedheading.kt-adv-heading13650_475047-b7, .wp-block-kadence-advancedheading.kt-adv-heading13650_475047-b7[data-kb-block=\"kb-adv-heading13650_475047-b7\"]{font-size:17px;font-style:normal;}.wp-block-kadence-advancedheading.kt-adv-heading13650_475047-b7 mark.kt-highlight, .wp-block-kadence-advancedheading.kt-adv-heading13650_475047-b7[data-kb-block=\"kb-adv-heading13650_475047-b7\"] mark.kt-highlight{font-style:normal;color:#f76a0c;-webkit-box-decoration-break:clone;box-decoration-break:clone;padding-top:0px;padding-right:0px;padding-bottom:0px;padding-left:0px;}.wp-block-kadence-advancedheading.kt-adv-heading13650_475047-b7 img.kb-inline-image, .wp-block-kadence-advancedheading.kt-adv-heading13650_475047-b7[data-kb-block=\"kb-adv-heading13650_475047-b7\"] img.kb-inline-image{width:150px;vertical-align:baseline;}<\/style>\n<p class=\"kt-adv-heading13650_475047-b7 wp-block-kadence-advancedheading\" data-kb-block=\"kb-adv-heading13650_475047-b7\">Lorsque donc nous sommes \u00e0 l\u2019ext\u00e9rieur bien couverts et \u00e0 l&rsquo;abri du froid, comment pr\u00e9server son smartphone en hiver et que faire pour le prot\u00e9ger au mieux :<\/p>\n\n\n\n<ul class=\"wp-block-list\">\n<li>Penser d&rsquo;abord \u00e0 bien charger la batterie avant de sortir,<\/li>\n\n\n\n<li>Penser \u00e0 glisser le smartphone dans une poche : il b\u00e9n\u00e9ficiera de la chaleur corporelle, et sera dans des conditions de fonctionnement bien meilleures qu&rsquo;au fond d&rsquo;un sac !<\/li>\n<\/ul>\n\n\n<style>.wp-block-kadence-advancedheading.kt-adv-heading13650_53a361-95, .wp-block-kadence-advancedheading.kt-adv-heading13650_53a361-95[data-kb-block=\"kb-adv-heading13650_53a361-95\"]{font-size:17px;font-style:normal;}.wp-block-kadence-advancedheading.kt-adv-heading13650_53a361-95 mark.kt-highlight, .wp-block-kadence-advancedheading.kt-adv-heading13650_53a361-95[data-kb-block=\"kb-adv-heading13650_53a361-95\"] mark.kt-highlight{font-style:normal;color:#f76a0c;-webkit-box-decoration-break:clone;box-decoration-break:clone;padding-top:0px;padding-right:0px;padding-bottom:0px;padding-left:0px;}.wp-block-kadence-advancedheading.kt-adv-heading13650_53a361-95 img.kb-inline-image, .wp-block-kadence-advancedheading.kt-adv-heading13650_53a361-95[data-kb-block=\"kb-adv-heading13650_53a361-95\"] img.kb-inline-image{width:150px;vertical-align:baseline;}<\/style>\n<p class=\"kt-adv-heading13650_53a361-95 wp-block-kadence-advancedheading\" data-kb-block=\"kb-adv-heading13650_53a361-95\">Dans le m\u00eame esprit, il faut faire un usage mod\u00e9r\u00e9 du smartphone, et  l&rsquo;utiliser seulement lorsque c&rsquo;est n\u00e9cessaire :<\/p>\n\n\n\n<ul class=\"wp-block-list\">\n<li>On attendra donc un peu pour regarder une vid\u00e9o,<\/li>\n\n\n\n<li>Mieux vaut utiliser des \u00e9couteurs pour passer et recevoir les appels t\u00e9l\u00e9phoniques,<\/li>\n\n\n\n<li>Faire de m\u00eame si on veut \u00e9couter de la musique.<\/li>\n<\/ul>\n\n\n<style>.wp-block-kadence-advancedheading.kt-adv-heading13650_dcabd7-d0, .wp-block-kadence-advancedheading.kt-adv-heading13650_dcabd7-d0[data-kb-block=\"kb-adv-heading13650_dcabd7-d0\"]{font-style:normal;}.wp-block-kadence-advancedheading.kt-adv-heading13650_dcabd7-d0 mark.kt-highlight, .wp-block-kadence-advancedheading.kt-adv-heading13650_dcabd7-d0[data-kb-block=\"kb-adv-heading13650_dcabd7-d0\"] mark.kt-highlight{font-style:normal;color:#f76a0c;-webkit-box-decoration-break:clone;box-decoration-break:clone;padding-top:0px;padding-right:0px;padding-bottom:0px;padding-left:0px;}.wp-block-kadence-advancedheading.kt-adv-heading13650_dcabd7-d0 img.kb-inline-image, .wp-block-kadence-advancedheading.kt-adv-heading13650_dcabd7-d0[data-kb-block=\"kb-adv-heading13650_dcabd7-d0\"] img.kb-inline-image{width:150px;vertical-align:baseline;}<\/style>\n<p class=\"kt-adv-heading13650_dcabd7-d0 wp-block-kadence-advancedheading\" data-kb-block=\"kb-adv-heading13650_dcabd7-d0\">Le t\u00e9l\u00e9phone pourra fonctionner ainsi d&rsquo;une mani\u00e8re optimale en restant dans la  poche !&#8230; <br>Enfin, il peut s&rsquo;av\u00e9rer judicieux d&rsquo;avoir une batterie de secours pleinement charg\u00e9e \u00e0 disposition <em>(si l&rsquo;on pr\u00e9voit, par exemple, de faire de l&rsquo;alpinisme en haute montagne) <\/em>!<\/p>\n\n\n<style>.wp-block-kadence-advancedheading.kt-adv-heading13650_d72f71-ed, .wp-block-kadence-advancedheading.kt-adv-heading13650_d72f71-ed[data-kb-block=\"kb-adv-heading13650_d72f71-ed\"]{padding-top:var(--global-kb-spacing-sm, 1.5rem);padding-right:var(--global-kb-spacing-sm, 1.5rem);padding-bottom:var(--global-kb-spacing-xs, 1rem);padding-left:var(--global-kb-spacing-sm, 1.5rem);margin-right:var(--global-kb-spacing-3xl, 6.5rem);margin-bottom:0px;margin-left:var(--global-kb-spacing-3xl, 6.5rem);text-align:center;font-size:var(--global-kb-font-size-md, 1.25rem);font-style:normal;background-color:var(--global-palette7, #EDF2F7);text-shadow:2px 3px 1px rgba(0, 0, 0, 0.2);}.wp-block-kadence-advancedheading.kt-adv-heading13650_d72f71-ed mark.kt-highlight, .wp-block-kadence-advancedheading.kt-adv-heading13650_d72f71-ed[data-kb-block=\"kb-adv-heading13650_d72f71-ed\"] mark.kt-highlight{font-style:normal;color:#f76a0c;-webkit-box-decoration-break:clone;box-decoration-break:clone;padding-top:0px;padding-right:0px;padding-bottom:0px;padding-left:0px;}.wp-block-kadence-advancedheading.kt-adv-heading13650_d72f71-ed img.kb-inline-image, .wp-block-kadence-advancedheading.kt-adv-heading13650_d72f71-ed[data-kb-block=\"kb-adv-heading13650_d72f71-ed\"] img.kb-inline-image{width:150px;vertical-align:baseline;}@media all and (max-width: 1024px){.wp-block-kadence-advancedheading.kt-adv-heading13650_d72f71-ed, .wp-block-kadence-advancedheading.kt-adv-heading13650_d72f71-ed[data-kb-block=\"kb-adv-heading13650_d72f71-ed\"]{text-shadow:2px 3px 1px rgba(0, 0, 0, 0.2);}}@media all and (max-width: 767px){.wp-block-kadence-advancedheading.kt-adv-heading13650_d72f71-ed, .wp-block-kadence-advancedheading.kt-adv-heading13650_d72f71-ed[data-kb-block=\"kb-adv-heading13650_d72f71-ed\"]{margin-right:var(--global-kb-spacing-auto, auto);margin-left:var(--global-kb-spacing-auto, auto);text-shadow:2px 3px 1px rgba(0, 0, 0, 0.2);}}<\/style>\n<p class=\"kt-adv-heading13650_d72f71-ed wp-block-kadence-advancedheading has-theme-palette-1-color has-text-color\" data-kb-block=\"kb-adv-heading13650_d72f71-ed\"><strong>Prot\u00e9ger son smartphone du froid se justifie pour des raisons technologiques bien r\u00e9elles, loin d&rsquo;une quelconque extravagance  !<\/strong><\/p>\n","protected":false},"excerpt":{"rendered":"<p>Prot\u00e9ger son smartphone du froid ?C&rsquo;est tr\u00e8s souhaitable \u00e0 court terme pour faire durer la charge de sa batterie, et aussi \u00e0 plus long terme, pour en prolonger la dur\u00e9e de vie !. La batterie d&rsquo;un smartphone est tr\u00e8s sensible au froid, et se d\u00e9charge plus rapidement en p\u00e9riode hivernale. Et il n&rsquo;est pas toujours&#8230;<\/p>\n","protected":false},"author":9,"featured_media":13653,"comment_status":"closed","ping_status":"closed","sticky":false,"template":"","format":"standard","meta":{"_EventAllDay":false,"_EventTimezone":"","_EventStartDate":"","_EventEndDate":"","_EventStartDateUTC":"","_EventEndDateUTC":"","_EventShowMap":false,"_EventShowMapLink":false,"_EventURL":"","_EventCost":"","_EventCostDescription":"","_EventCurrencySymbol":"","_EventCurrencyCode":"","_EventCurrencyPosition":"","_EventDateTimeSeparator":"","_EventTimeRangeSeparator":"","_EventOrganizerID":[],"_EventVenueID":[],"_OrganizerEmail":"","_OrganizerPhone":"","_OrganizerWebsite":"","_VenueAddress":"","_VenueCity":"","_VenueCountry":"","_VenueProvince":"","_VenueState":"","_VenueZip":"","_VenuePhone":"","_VenueURL":"","_VenueStateProvince":"","_VenueLat":"","_VenueLng":"","_VenueShowMap":false,"_VenueShowMapLink":false,"_kad_post_transparent":"","_kad_post_title":"","_kad_post_layout":"","_kad_post_sidebar_id":"","_kad_post_content_style":"","_kad_post_vertical_padding":"","_kad_post_feature":"","_kad_post_feature_position":"","_kad_post_header":false,"_kad_post_footer":false,"_kad_post_classname":"","iawp_total_views":1,"footnotes":""},"categories":[2],"tags":[],"class_list":["post-13650","post","type-post","status-publish","format-standard","has-post-thumbnail","hentry","category-bons-tuyaux"],"yoast_head":"<!-- This site is optimized with the Yoast SEO plugin v27.4 - https:\/\/yoast.com\/product\/yoast-seo-wordpress\/ -->\n<title>Prot\u00e9ger son smartphone du froid - Draft Createch Plescop<\/title>\n<meta name=\"description\" content=\"Prot\u00e9ger son smartphone du froid est indispensable si l&#039;on veut prot\u00e9ger la batterie dans l&#039;optique d&#039;en pr\u00e9server la dur\u00e9e de vie.\" \/>\n<meta name=\"robots\" content=\"index, follow, max-snippet:-1, max-image-preview:large, max-video-preview:-1\" \/>\n<link rel=\"canonical\" href=\"https:\/\/yuno.createchplescop.fr\/blog\/proteger-son-smartphone-du-froid\/\" \/>\n<meta property=\"og:locale\" content=\"fr_FR\" \/>\n<meta property=\"og:type\" content=\"article\" \/>\n<meta property=\"og:title\" content=\"Prot\u00e9ger son smartphone du froid - Draft Createch Plescop\" \/>\n<meta property=\"og:description\" content=\"Prot\u00e9ger son smartphone du froid est indispensable si l&#039;on veut prot\u00e9ger la batterie dans l&#039;optique d&#039;en pr\u00e9server la dur\u00e9e de vie.\" \/>\n<meta property=\"og:url\" content=\"https:\/\/yuno.createchplescop.fr\/blog\/proteger-son-smartphone-du-froid\/\" \/>\n<meta property=\"og:site_name\" content=\"Draft Createch Plescop\" \/>\n<meta property=\"article:publisher\" content=\"https:\/\/www.facebook.com\/creatch.plescop\/\" \/>\n<meta property=\"article:published_time\" content=\"2025-01-18T17:29:59+00:00\" \/>\n<meta property=\"article:modified_time\" content=\"2025-01-18T17:30:03+00:00\" \/>\n<meta property=\"og:image\" content=\"https:\/\/yuno.createchplescop.fr\/blog\/wp-content\/uploads\/2025\/01\/Smartphone-a-froid-1.jpg\" \/>\n\t<meta property=\"og:image:width\" content=\"304\" \/>\n\t<meta property=\"og:image:height\" content=\"166\" \/>\n\t<meta property=\"og:image:type\" content=\"image\/jpeg\" \/>\n<meta name=\"author\" content=\"Michel\" \/>\n<script type=\"application\/ld+json\" class=\"yoast-schema-graph\">{\"@context\":\"https:\\\/\\\/schema.org\",\"@graph\":[{\"@type\":\"Article\",\"@id\":\"https:\\\/\\\/yuno.createchplescop.fr\\\/blog\\\/proteger-son-smartphone-du-froid\\\/#article\",\"isPartOf\":{\"@id\":\"https:\\\/\\\/yuno.createchplescop.fr\\\/blog\\\/proteger-son-smartphone-du-froid\\\/\"},\"author\":{\"name\":\"Michel\",\"@id\":\"https:\\\/\\\/yuno.createchplescop.fr\\\/blog\\\/#\\\/schema\\\/person\\\/035d525eb497edaba072a135fb75b355\"},\"headline\":\"Prot\u00e9ger son smartphone du froid\",\"datePublished\":\"2025-01-18T17:29:59+00:00\",\"dateModified\":\"2025-01-18T17:30:03+00:00\",\"mainEntityOfPage\":{\"@id\":\"https:\\\/\\\/yuno.createchplescop.fr\\\/blog\\\/proteger-son-smartphone-du-froid\\\/\"},\"wordCount\":323,\"publisher\":{\"@id\":\"https:\\\/\\\/yuno.createchplescop.fr\\\/blog\\\/#organization\"},\"image\":{\"@id\":\"https:\\\/\\\/yuno.createchplescop.fr\\\/blog\\\/proteger-son-smartphone-du-froid\\\/#primaryimage\"},\"thumbnailUrl\":\"https:\\\/\\\/yuno.createchplescop.fr\\\/blog\\\/wp-content\\\/uploads\\\/2025\\\/01\\\/Smartphone-a-froid-1.jpg\",\"articleSection\":[\"Bons tuyaux\"],\"inLanguage\":\"fr-FR\"},{\"@type\":\"WebPage\",\"@id\":\"https:\\\/\\\/yuno.createchplescop.fr\\\/blog\\\/proteger-son-smartphone-du-froid\\\/\",\"url\":\"https:\\\/\\\/yuno.createchplescop.fr\\\/blog\\\/proteger-son-smartphone-du-froid\\\/\",\"name\":\"Prot\u00e9ger son smartphone du froid - Draft Createch Plescop\",\"isPartOf\":{\"@id\":\"https:\\\/\\\/yuno.createchplescop.fr\\\/blog\\\/#website\"},\"primaryImageOfPage\":{\"@id\":\"https:\\\/\\\/yuno.createchplescop.fr\\\/blog\\\/proteger-son-smartphone-du-froid\\\/#primaryimage\"},\"image\":{\"@id\":\"https:\\\/\\\/yuno.createchplescop.fr\\\/blog\\\/proteger-son-smartphone-du-froid\\\/#primaryimage\"},\"thumbnailUrl\":\"https:\\\/\\\/yuno.createchplescop.fr\\\/blog\\\/wp-content\\\/uploads\\\/2025\\\/01\\\/Smartphone-a-froid-1.jpg\",\"datePublished\":\"2025-01-18T17:29:59+00:00\",\"dateModified\":\"2025-01-18T17:30:03+00:00\",\"description\":\"Prot\u00e9ger son smartphone du froid est indispensable si l'on veut prot\u00e9ger la batterie dans l'optique d'en pr\u00e9server la dur\u00e9e de vie.\",\"breadcrumb\":{\"@id\":\"https:\\\/\\\/yuno.createchplescop.fr\\\/blog\\\/proteger-son-smartphone-du-froid\\\/#breadcrumb\"},\"inLanguage\":\"fr-FR\",\"potentialAction\":[{\"@type\":\"ReadAction\",\"target\":[\"https:\\\/\\\/yuno.createchplescop.fr\\\/blog\\\/proteger-son-smartphone-du-froid\\\/\"]}]},{\"@type\":\"ImageObject\",\"inLanguage\":\"fr-FR\",\"@id\":\"https:\\\/\\\/yuno.createchplescop.fr\\\/blog\\\/proteger-son-smartphone-du-froid\\\/#primaryimage\",\"url\":\"https:\\\/\\\/yuno.createchplescop.fr\\\/blog\\\/wp-content\\\/uploads\\\/2025\\\/01\\\/Smartphone-a-froid-1.jpg\",\"contentUrl\":\"https:\\\/\\\/yuno.createchplescop.fr\\\/blog\\\/wp-content\\\/uploads\\\/2025\\\/01\\\/Smartphone-a-froid-1.jpg\",\"width\":304,\"height\":166,\"caption\":\"Smartphone a froid\"},{\"@type\":\"BreadcrumbList\",\"@id\":\"https:\\\/\\\/yuno.createchplescop.fr\\\/blog\\\/proteger-son-smartphone-du-froid\\\/#breadcrumb\",\"itemListElement\":[{\"@type\":\"ListItem\",\"position\":1,\"name\":\"Accueil\",\"item\":\"https:\\\/\\\/yuno.createchplescop.fr\\\/blog\\\/\"},{\"@type\":\"ListItem\",\"position\":2,\"name\":\"Prot\u00e9ger son smartphone du froid\"}]},{\"@type\":\"WebSite\",\"@id\":\"https:\\\/\\\/yuno.createchplescop.fr\\\/blog\\\/#website\",\"url\":\"https:\\\/\\\/yuno.createchplescop.fr\\\/blog\\\/\",\"name\":\"Createch Plescop\",\"description\":\"Aide Informatique et Num\u00e9rique pour tous\",\"publisher\":{\"@id\":\"https:\\\/\\\/yuno.createchplescop.fr\\\/blog\\\/#organization\"},\"potentialAction\":[{\"@type\":\"SearchAction\",\"target\":{\"@type\":\"EntryPoint\",\"urlTemplate\":\"https:\\\/\\\/yuno.createchplescop.fr\\\/blog\\\/?s={search_term_string}\"},\"query-input\":{\"@type\":\"PropertyValueSpecification\",\"valueRequired\":true,\"valueName\":\"search_term_string\"}}],\"inLanguage\":\"fr-FR\"},{\"@type\":\"Organization\",\"@id\":\"https:\\\/\\\/yuno.createchplescop.fr\\\/blog\\\/#organization\",\"name\":\"Association Createch Plescop\",\"alternateName\":\"Createch\",\"url\":\"https:\\\/\\\/yuno.createchplescop.fr\\\/blog\\\/\",\"logo\":{\"@type\":\"ImageObject\",\"inLanguage\":\"fr-FR\",\"@id\":\"https:\\\/\\\/yuno.createchplescop.fr\\\/blog\\\/#\\\/schema\\\/logo\\\/image\\\/\",\"url\":\"https:\\\/\\\/yuno.createchplescop.fr\\\/blog\\\/wp-content\\\/uploads\\\/2025\\\/05\\\/cropped-Logo-Createch-petits-coins-arrondis-470x468-1.png\",\"contentUrl\":\"https:\\\/\\\/yuno.createchplescop.fr\\\/blog\\\/wp-content\\\/uploads\\\/2025\\\/05\\\/cropped-Logo-Createch-petits-coins-arrondis-470x468-1.png\",\"width\":470,\"height\":468,\"caption\":\"Association Createch Plescop\"},\"image\":{\"@id\":\"https:\\\/\\\/yuno.createchplescop.fr\\\/blog\\\/#\\\/schema\\\/logo\\\/image\\\/\"},\"sameAs\":[\"https:\\\/\\\/www.facebook.com\\\/creatch.plescop\\\/\"]},{\"@type\":\"Person\",\"@id\":\"https:\\\/\\\/yuno.createchplescop.fr\\\/blog\\\/#\\\/schema\\\/person\\\/035d525eb497edaba072a135fb75b355\",\"name\":\"Michel\",\"image\":{\"@type\":\"ImageObject\",\"inLanguage\":\"fr-FR\",\"@id\":\"https:\\\/\\\/yuno.createchplescop.fr\\\/blog\\\/wp-content\\\/litespeed\\\/avatar\\\/817a99cee782c1aa2140e49b72edf139.jpg?ver=1776869715\",\"url\":\"https:\\\/\\\/yuno.createchplescop.fr\\\/blog\\\/wp-content\\\/litespeed\\\/avatar\\\/817a99cee782c1aa2140e49b72edf139.jpg?ver=1776869715\",\"contentUrl\":\"https:\\\/\\\/yuno.createchplescop.fr\\\/blog\\\/wp-content\\\/litespeed\\\/avatar\\\/817a99cee782c1aa2140e49b72edf139.jpg?ver=1776869715\",\"caption\":\"Michel\"}}]}<\/script>\n<!-- \/ Yoast SEO plugin. -->","yoast_head_json":{"title":"Prot\u00e9ger son smartphone du froid - Draft Createch Plescop","description":"Prot\u00e9ger son smartphone du froid est indispensable si l'on veut prot\u00e9ger la batterie dans l'optique d'en pr\u00e9server la dur\u00e9e de vie.","robots":{"index":"index","follow":"follow","max-snippet":"max-snippet:-1","max-image-preview":"max-image-preview:large","max-video-preview":"max-video-preview:-1"},"canonical":"https:\/\/yuno.createchplescop.fr\/blog\/proteger-son-smartphone-du-froid\/","og_locale":"fr_FR","og_type":"article","og_title":"Prot\u00e9ger son smartphone du froid - Draft Createch Plescop","og_description":"Prot\u00e9ger son smartphone du froid est indispensable si l'on veut prot\u00e9ger la batterie dans l'optique d'en pr\u00e9server la dur\u00e9e de vie.","og_url":"https:\/\/yuno.createchplescop.fr\/blog\/proteger-son-smartphone-du-froid\/","og_site_name":"Draft Createch Plescop","article_publisher":"https:\/\/www.facebook.com\/creatch.plescop\/","article_published_time":"2025-01-18T17:29:59+00:00","article_modified_time":"2025-01-18T17:30:03+00:00","og_image":[{"width":304,"height":166,"url":"https:\/\/yuno.createchplescop.fr\/blog\/wp-content\/uploads\/2025\/01\/Smartphone-a-froid-1.jpg","type":"image\/jpeg"}],"author":"Michel","schema":{"@context":"https:\/\/schema.org","@graph":[{"@type":"Article","@id":"https:\/\/yuno.createchplescop.fr\/blog\/proteger-son-smartphone-du-froid\/#article","isPartOf":{"@id":"https:\/\/yuno.createchplescop.fr\/blog\/proteger-son-smartphone-du-froid\/"},"author":{"name":"Michel","@id":"https:\/\/yuno.createchplescop.fr\/blog\/#\/schema\/person\/035d525eb497edaba072a135fb75b355"},"headline":"Prot\u00e9ger son smartphone du froid","datePublished":"2025-01-18T17:29:59+00:00","dateModified":"2025-01-18T17:30:03+00:00","mainEntityOfPage":{"@id":"https:\/\/yuno.createchplescop.fr\/blog\/proteger-son-smartphone-du-froid\/"},"wordCount":323,"publisher":{"@id":"https:\/\/yuno.createchplescop.fr\/blog\/#organization"},"image":{"@id":"https:\/\/yuno.createchplescop.fr\/blog\/proteger-son-smartphone-du-froid\/#primaryimage"},"thumbnailUrl":"https:\/\/yuno.createchplescop.fr\/blog\/wp-content\/uploads\/2025\/01\/Smartphone-a-froid-1.jpg","articleSection":["Bons tuyaux"],"inLanguage":"fr-FR"},{"@type":"WebPage","@id":"https:\/\/yuno.createchplescop.fr\/blog\/proteger-son-smartphone-du-froid\/","url":"https:\/\/yuno.createchplescop.fr\/blog\/proteger-son-smartphone-du-froid\/","name":"Prot\u00e9ger son smartphone du froid - Draft Createch Plescop","isPartOf":{"@id":"https:\/\/yuno.createchplescop.fr\/blog\/#website"},"primaryImageOfPage":{"@id":"https:\/\/yuno.createchplescop.fr\/blog\/proteger-son-smartphone-du-froid\/#primaryimage"},"image":{"@id":"https:\/\/yuno.createchplescop.fr\/blog\/proteger-son-smartphone-du-froid\/#primaryimage"},"thumbnailUrl":"https:\/\/yuno.createchplescop.fr\/blog\/wp-content\/uploads\/2025\/01\/Smartphone-a-froid-1.jpg","datePublished":"2025-01-18T17:29:59+00:00","dateModified":"2025-01-18T17:30:03+00:00","description":"Prot\u00e9ger son smartphone du froid est indispensable si l'on veut prot\u00e9ger la batterie dans l'optique d'en pr\u00e9server la dur\u00e9e de vie.","breadcrumb":{"@id":"https:\/\/yuno.createchplescop.fr\/blog\/proteger-son-smartphone-du-froid\/#breadcrumb"},"inLanguage":"fr-FR","potentialAction":[{"@type":"ReadAction","target":["https:\/\/yuno.createchplescop.fr\/blog\/proteger-son-smartphone-du-froid\/"]}]},{"@type":"ImageObject","inLanguage":"fr-FR","@id":"https:\/\/yuno.createchplescop.fr\/blog\/proteger-son-smartphone-du-froid\/#primaryimage","url":"https:\/\/yuno.createchplescop.fr\/blog\/wp-content\/uploads\/2025\/01\/Smartphone-a-froid-1.jpg","contentUrl":"https:\/\/yuno.createchplescop.fr\/blog\/wp-content\/uploads\/2025\/01\/Smartphone-a-froid-1.jpg","width":304,"height":166,"caption":"Smartphone a froid"},{"@type":"BreadcrumbList","@id":"https:\/\/yuno.createchplescop.fr\/blog\/proteger-son-smartphone-du-froid\/#breadcrumb","itemListElement":[{"@type":"ListItem","position":1,"name":"Accueil","item":"https:\/\/yuno.createchplescop.fr\/blog\/"},{"@type":"ListItem","position":2,"name":"Prot\u00e9ger son smartphone du froid"}]},{"@type":"WebSite","@id":"https:\/\/yuno.createchplescop.fr\/blog\/#website","url":"https:\/\/yuno.createchplescop.fr\/blog\/","name":"Createch Plescop","description":"Aide Informatique et Num\u00e9rique pour tous","publisher":{"@id":"https:\/\/yuno.createchplescop.fr\/blog\/#organization"},"potentialAction":[{"@type":"SearchAction","target":{"@type":"EntryPoint","urlTemplate":"https:\/\/yuno.createchplescop.fr\/blog\/?s={search_term_string}"},"query-input":{"@type":"PropertyValueSpecification","valueRequired":true,"valueName":"search_term_string"}}],"inLanguage":"fr-FR"},{"@type":"Organization","@id":"https:\/\/yuno.createchplescop.fr\/blog\/#organization","name":"Association Createch Plescop","alternateName":"Createch","url":"https:\/\/yuno.createchplescop.fr\/blog\/","logo":{"@type":"ImageObject","inLanguage":"fr-FR","@id":"https:\/\/yuno.createchplescop.fr\/blog\/#\/schema\/logo\/image\/","url":"https:\/\/yuno.createchplescop.fr\/blog\/wp-content\/uploads\/2025\/05\/cropped-Logo-Createch-petits-coins-arrondis-470x468-1.png","contentUrl":"https:\/\/yuno.createchplescop.fr\/blog\/wp-content\/uploads\/2025\/05\/cropped-Logo-Createch-petits-coins-arrondis-470x468-1.png","width":470,"height":468,"caption":"Association Createch Plescop"},"image":{"@id":"https:\/\/yuno.createchplescop.fr\/blog\/#\/schema\/logo\/image\/"},"sameAs":["https:\/\/www.facebook.com\/creatch.plescop\/"]},{"@type":"Person","@id":"https:\/\/yuno.createchplescop.fr\/blog\/#\/schema\/person\/035d525eb497edaba072a135fb75b355","name":"Michel","image":{"@type":"ImageObject","inLanguage":"fr-FR","@id":"https:\/\/yuno.createchplescop.fr\/blog\/wp-content\/litespeed\/avatar\/817a99cee782c1aa2140e49b72edf139.jpg?ver=1776869715","url":"https:\/\/yuno.createchplescop.fr\/blog\/wp-content\/litespeed\/avatar\/817a99cee782c1aa2140e49b72edf139.jpg?ver=1776869715","contentUrl":"https:\/\/yuno.createchplescop.fr\/blog\/wp-content\/litespeed\/avatar\/817a99cee782c1aa2140e49b72edf139.jpg?ver=1776869715","caption":"Michel"}}]}},"_links":{"self":[{"href":"https:\/\/yuno.createchplescop.fr\/blog\/wp-json\/wp\/v2\/posts\/13650","targetHints":{"allow":["GET"]}}],"collection":[{"href":"https:\/\/yuno.createchplescop.fr\/blog\/wp-json\/wp\/v2\/posts"}],"about":[{"href":"https:\/\/yuno.createchplescop.fr\/blog\/wp-json\/wp\/v2\/types\/post"}],"author":[{"embeddable":true,"href":"https:\/\/yuno.createchplescop.fr\/blog\/wp-json\/wp\/v2\/users\/9"}],"replies":[{"embeddable":true,"href":"https:\/\/yuno.createchplescop.fr\/blog\/wp-json\/wp\/v2\/comments?post=13650"}],"version-history":[{"count":0,"href":"https:\/\/yuno.createchplescop.fr\/blog\/wp-json\/wp\/v2\/posts\/13650\/revisions"}],"wp:featuredmedia":[{"embeddable":true,"href":"https:\/\/yuno.createchplescop.fr\/blog\/wp-json\/wp\/v2\/media\/13653"}],"wp:attachment":[{"href":"https:\/\/yuno.createchplescop.fr\/blog\/wp-json\/wp\/v2\/media?parent=13650"}],"wp:term":[{"taxonomy":"category","embeddable":true,"href":"https:\/\/yuno.createchplescop.fr\/blog\/wp-json\/wp\/v2\/categories?post=13650"},{"taxonomy":"post_tag","embeddable":true,"href":"https:\/\/yuno.createchplescop.fr\/blog\/wp-json\/wp\/v2\/tags?post=13650"}],"curies":[{"name":"wp","href":"https:\/\/api.w.org\/{rel}","templated":true}]}}